{"id":703,"date":"2025-03-28T07:00:00","date_gmt":"2025-03-28T07:00:00","guid":{"rendered":"https:\/\/www.abuelachicharraspa.net\/?p=703"},"modified":"2025-02-26T07:47:25","modified_gmt":"2025-02-26T07:47:25","slug":"quien-fue-el-empecinado-descubrelo-en-castrillo-de-duero","status":"publish","type":"post","link":"https:\/\/www.abuelachicharraspa.net\/index.php\/2025\/03\/28\/quien-fue-el-empecinado-descubrelo-en-castrillo-de-duero\/","title":{"rendered":"\u00bfQui\u00e9n fue El Empecinado? Desc\u00fabrelo en Castrillo de Duero"},"content":{"rendered":"\n<h4 class=\"wp-block-heading\"><strong>El Empecinado: un h\u00e9roe de la resistencia contra Napole\u00f3n<\/strong><\/h4>\n\n\n\n<p>En la historia de Espa\u00f1a, pocos nombres resuenan con tanta fuerza como el de <strong>Juan Mart\u00edn D\u00edez, El Empecinado<\/strong>. Nacido en <strong>Castrillo de Duero en 1775<\/strong>, se convirti\u00f3 en una figura legendaria durante la <strong>Guerra de la Independencia Espa\u00f1ola (1808-1814)<\/strong>. Su valent\u00eda, su astucia en el combate y su lucha incansable contra el ej\u00e9rcito napole\u00f3nico lo convirtieron en un s\u00edmbolo de la resistencia espa\u00f1ola.<\/p>\n\n\n\n<p>Este personaje hist\u00f3rico no solo es un icono de la guerra, sino tambi\u00e9n un reflejo del esp\u00edritu castellano. <strong>Castrillo de Duero<\/strong> mantiene vivo su legado con un <strong>monumento en su honor<\/strong>, adem\u00e1s de ser el punto de partida ideal para conocer su historia. Para quienes desean explorar su vida y contexto, alojarse en una <a href=\"https:\/\/www.abuelachicharraspa.net\/\"><strong>casa rural en Castrillo de Duero<\/strong><\/a> es la mejor manera de sumergirse en la historia, recorriendo los mismos paisajes que \u00e9l conoci\u00f3 en su infancia y juventud.<\/p>\n\n\n\n<h3 class=\"wp-block-heading\"><strong>Infancia y juventud de El Empecinado en Castrillo de Duero<\/strong><\/h3>\n\n\n\n<p>Juan Mart\u00edn D\u00edez naci\u00f3 en una familia humilde de labradores, en un entorno donde el campo y la vida rural marcaban el d\u00eda a d\u00eda. Desde peque\u00f1o, se destac\u00f3 por su car\u00e1cter decidido y su conocimiento del terreno, algo que m\u00e1s adelante le ser\u00eda de gran utilidad en sus estrategias de guerrilla.<\/p>\n\n\n\n<p>La educaci\u00f3n de los j\u00f3venes en la \u00e9poca era limitada, pero el futuro guerrillero creci\u00f3 con un profundo sentido de justicia. A\u00f1os despu\u00e9s, su destino cambiar\u00eda para siempre con la llegada de las tropas francesas a Espa\u00f1a en 1808.<\/p>\n\n\n\n<h3 class=\"wp-block-heading\"><strong>El inicio de la guerra: de campesino a l\u00edder guerrillero<\/strong><\/h3>\n\n\n\n<p>Con la invasi\u00f3n de las tropas de Napole\u00f3n, <strong>El Empecinado<\/strong> no tard\u00f3 en unirse a la resistencia. En lugar de combatir en un ej\u00e9rcito regular, organiz\u00f3 <strong>grupos de guerrilleros<\/strong> que hostigaban a los franceses con ataques sorpresa.<\/p>\n\n\n\n<p>La estrategia de la <strong>guerra de guerrillas<\/strong> fue clave en la lucha contra un ej\u00e9rcito tan poderoso como el napole\u00f3nico. <strong>El Empecinado<\/strong> y sus hombres se mov\u00edan r\u00e1pidamente por los caminos de Castilla, atacaban y desaparec\u00edan, utilizando el conocimiento del terreno a su favor.<\/p>\n\n\n\n<p>Entre sus logros m\u00e1s destacados se encuentran:<\/p>\n\n\n\n<ul class=\"wp-block-list\">\n<li><strong>La liberaci\u00f3n de varias localidades ocupadas por los franceses<\/strong>, donde se convirti\u00f3 en un aut\u00e9ntico h\u00e9roe popular.<\/li>\n\n\n\n<li><strong>Batallas en la Ribera del Duero<\/strong>, donde su astucia t\u00e1ctica derrot\u00f3 en varias ocasiones a los invasores.<\/li>\n\n\n\n<li><strong>Colaboraci\u00f3n con el ej\u00e9rcito brit\u00e1nico<\/strong>, ali\u00e1ndose con el duque de Wellington en algunas campa\u00f1as clave.<\/li>\n<\/ul>\n\n\n\n<p>En la actualidad, recorrer los caminos de Castrillo de Duero y Pe\u00f1afiel permite imaginar las maniobras y emboscadas que protagoniz\u00f3 este legendario guerrillero.<\/p>\n\n\n\n<h3 class=\"wp-block-heading\"><strong>El Empecinado y la ca\u00edda de Napole\u00f3n<\/strong><\/h3>\n\n\n\n<p>Con el paso de los a\u00f1os, la presi\u00f3n de la resistencia espa\u00f1ola y sus aliados logr\u00f3 debilitar al ej\u00e9rcito franc\u00e9s. Finalmente, en 1814, Napole\u00f3n fue derrotado y Fernando VII recuper\u00f3 el trono de Espa\u00f1a. Como recompensa por su valent\u00eda, <strong>Juan Mart\u00edn D\u00edez fue nombrado brigadier y condecorado por sus servicios a la naci\u00f3n<\/strong>.<\/p>\n\n\n\n<p>Sin embargo, su historia no termin\u00f3 ah\u00ed. Lejos de recibir el reconocimiento que merec\u00eda, su oposici\u00f3n al absolutismo de Fernando VII le llev\u00f3 a ser perseguido. En 1823 fue arrestado y, tras un juicio injusto, condenado a muerte. Su ejecuci\u00f3n en <strong>Roa de Duero en 1825<\/strong> marc\u00f3 el final de su lucha, pero su legado qued\u00f3 grabado en la memoria colectiva.<\/p>\n\n\n\n<h3 class=\"wp-block-heading\"><strong>Homenaje a El Empecinado en Castrillo de Duero<\/strong><\/h3>\n\n\n\n<p>Hoy en d\u00eda, Castrillo de Duero mantiene viva la memoria de su hijo m\u00e1s ilustre. El pueblo cuenta con una <strong>estatua en honor a El Empecinado<\/strong>, donde se puede conocer m\u00e1s sobre su vida y sus haza\u00f1as.<\/p>\n\n\n\n<p>Adem\u00e1s, la historia de Juan Mart\u00edn D\u00edez es recordada en diversos actos conmemorativos en la regi\u00f3n, donde su papel como guerrillero sigue siendo motivo de orgullo.<\/p>\n\n\n\n<p>Si deseas conocer m\u00e1s sobre esta figura hist\u00f3rica y su entorno, alojarte en una <strong>casa rural en Pe\u00f1afiel<\/strong> o en Castrillo de Duero te permitir\u00e1 recorrer los lugares clave de su vida.<a href=\"https:\/\/www.abuelachicharraspa.net\/\"> <\/a><strong>La Abuela Chicharra<\/strong> es el punto de partida ideal para una escapada cultural en la Ribera del Duero.<\/p>\n\n\n\n<p><strong>El Empecinado<\/strong> fue mucho m\u00e1s que un guerrillero; fue un s\u00edmbolo de la lucha por la libertad en Espa\u00f1a. Desde su nacimiento en <strong>Castrillo de Duero<\/strong> hasta su tr\u00e1gico final, su historia sigue fascinando a historiadores y viajeros.<\/p>\n\n\n\n<p>Explorar su legado es una oportunidad para conocer de cerca uno de los episodios m\u00e1s apasionantes de la Guerra de la Independencia. Para vivir esta experiencia de manera aut\u00e9ntica, alojarse en una <a href=\"https:\/\/www.abuelachicharraspa.net\/\"><strong>casa rural en Castrillo de Duero<\/strong><\/a> es la mejor opci\u00f3n, combinando historia, tradici\u00f3n y descanso en un entorno privilegiado.<\/p>\n","protected":false},"excerpt":{"rendered":"<p>El Empecinado: un h\u00e9roe de la resistencia contra Napole\u00f3n En la historia de Espa\u00f1a, pocos nombres resuenan con tanta fuerza como el de Juan Mart\u00edn D\u00edez, El Empecinado. Nacido en Castrillo de Duero en 1775, se convirti\u00f3 en una figura legendaria durante la Guerra de la Independencia Espa\u00f1ola (1808-1814). Su valent\u00eda, su astucia en el [&hellip;]<\/p>\n","protected":false},"author":2,"featured_media":704,"comment_status":"open","ping_status":"open","sticky":false,"template":"","format":"standard","meta":{"site-sidebar-layout":"default","site-content-layout":"","ast-site-content-layout":"default","site-content-style":"default","site-sidebar-style":"default","ast-global-header-display":"","ast-banner-title-visibility":"","ast-main-header-display":"","ast-hfb-above-header-display":"","ast-hfb-below-header-display":"","ast-hfb-mobile-header-display":"","site-post-title":"","ast-breadcrumbs-content":"","ast-featured-img":"","footer-sml-layout":"","theme-transparent-header-meta":"","adv-header-id-meta":"","stick-header-meta":"","header-above-stick-meta":"","header-main-stick-meta":"","header-below-stick-meta":"","astra-migrate-meta-layouts":"set","ast-page-background-enabled":"default","ast-page-background-meta":{"desktop":{"background-color":"var(--ast-global-color-4)","background-image":"","background-repeat":"repeat","background-position":"center center","background-size":"auto","background-attachment":"scroll","background-type":"","background-media":"","overlay-type":"","overlay-color":"","overlay-opacity":"","overlay-gradient":""},"tablet":{"background-color":"","background-image":"","background-repeat":"repeat","background-position":"center center","background-size":"auto","background-attachment":"scroll","background-type":"","background-media":"","overlay-type":"","overlay-color":"","overlay-opacity":"","overlay-gradient":""},"mobile":{"background-color":"","background-image":"","background-repeat":"repeat","background-position":"center center","background-size":"auto","background-attachment":"scroll","background-type":"","background-media":"","overlay-type":"","overlay-color":"","overlay-opacity":"","overlay-gradient":""}},"ast-content-background-meta":{"desktop":{"background-color":"var(--ast-global-color-5)","background-image":"","background-repeat":"repeat","background-position":"center center","background-size":"auto","background-attachment":"scroll","background-type":"","background-media":"","overlay-type":"","overlay-color":"","overlay-opacity":"","overlay-gradient":""},"tablet":{"background-color":"var(--ast-global-color-5)","background-image":"","background-repeat":"repeat","background-position":"center center","background-size":"auto","background-attachment":"scroll","background-type":"","background-media":"","overlay-type":"","overlay-color":"","overlay-opacity":"","overlay-gradient":""},"mobile":{"background-color":"var(--ast-global-color-5)","background-image":"","background-repeat":"repeat","background-position":"center center","background-size":"auto","background-attachment":"scroll","background-type":"","background-media":"","overlay-type":"","overlay-color":"","overlay-opacity":"","overlay-gradient":""}},"footnotes":""},"categories":[7],"tags":[20,15,19,14,10,11,8,12,24,32,13,35,17,16],"class_list":["post-703","post","type-post","status-publish","format-standard","has-post-thumbnail","hentry","category-blog","tag-alojamiento-rural-con-spa","tag-casa-con-spa-en-penafiel","tag-casa-rural","tag-casa-rural-20-personas","tag-casa-rural-con-spa","tag-casa-rural-con-spa-en-penafiel","tag-casa-rural-en-castrillo-de-duero","tag-casa-rural-en-penafiel","tag-casa-rural-en-valladolid-para-20-personas","tag-casa-rural-para-20","tag-casa-rural-spa","tag-castrillo-de-duero","tag-ruta-del-vino-en-penafiel","tag-spa-y-sauna"],"_links":{"self":[{"href":"https:\/\/www.abuelachicharraspa.net\/index.php\/wp-json\/wp\/v2\/posts\/703","targetHints":{"allow":["GET"]}}],"collection":[{"href":"https:\/\/www.abuelachicharraspa.net\/index.php\/wp-json\/wp\/v2\/posts"}],"about":[{"href":"https:\/\/www.abuelachicharraspa.net\/index.php\/wp-json\/wp\/v2\/types\/post"}],"author":[{"embeddable":true,"href":"https:\/\/www.abuelachicharraspa.net\/index.php\/wp-json\/wp\/v2\/users\/2"}],"replies":[{"embeddable":true,"href":"https:\/\/www.abuelachicharraspa.net\/index.php\/wp-json\/wp\/v2\/comments?post=703"}],"version-history":[{"count":1,"href":"https:\/\/www.abuelachicharraspa.net\/index.php\/wp-json\/wp\/v2\/posts\/703\/revisions"}],"predecessor-version":[{"id":705,"href":"https:\/\/www.abuelachicharraspa.net\/index.php\/wp-json\/wp\/v2\/posts\/703\/revisions\/705"}],"wp:featuredmedia":[{"embeddable":true,"href":"https:\/\/www.abuelachicharraspa.net\/index.php\/wp-json\/wp\/v2\/media\/704"}],"wp:attachment":[{"href":"https:\/\/www.abuelachicharraspa.net\/index.php\/wp-json\/wp\/v2\/media?parent=703"}],"wp:term":[{"taxonomy":"category","embeddable":true,"href":"https:\/\/www.abuelachicharraspa.net\/index.php\/wp-json\/wp\/v2\/categories?post=703"},{"taxonomy":"post_tag","embeddable":true,"href":"https:\/\/www.abuelachicharraspa.net\/index.php\/wp-json\/wp\/v2\/tags?post=703"}],"curies":[{"name":"wp","href":"https:\/\/api.w.org\/{rel}","templated":true}]}}